
{"id":2132,"date":"2026-04-26T11:00:53","date_gmt":"2026-04-26T11:00:53","guid":{"rendered":"https:\/\/parafiazembry.pl\/?p=2132"},"modified":"2026-04-26T11:18:39","modified_gmt":"2026-04-26T11:18:39","slug":"rekolekcja-fatimskie","status":"publish","type":"post","link":"http:\/\/parafiazembry.pl\/index.php\/2026\/04\/26\/rekolekcja-fatimskie\/","title":{"rendered":"Rekolekcja Fatimskie"},"content":{"rendered":"<p>W dniach 30 kwietnia \u2013 2 maja odb\u0119d\u0105 si\u0119 Rekolekcje Fatimskie. Nabo\u017ce\u0144stwo czterdziestogodzinne poprowadzi<br \/>\no. Dariusz Galant. B\u0119dzie to szczeg\u00f3lny czas adoracji Naj\u015bwi\u0119tszego Sakramentu, modlitwy oraz pojednania z Bogiem.<\/p>\n<p><img loading=\"lazy\" class=\"aligncenter size-large wp-image-2133\" src=\"http:\/\/parafiazembry.pl\/wp-content\/uploads\/2026\/04\/kluska_jan_plakat_a3-724x1024.jpg\" alt=\"\" width=\"724\" height=\"1024\" srcset=\"http:\/\/parafiazembry.pl\/wp-content\/uploads\/2026\/04\/kluska_jan_plakat_a3-724x1024.jpg 724w, http:\/\/parafiazembry.pl\/wp-content\/uploads\/2026\/04\/kluska_jan_plakat_a3-212x300.jpg 212w, http:\/\/parafiazembry.pl\/wp-content\/uploads\/2026\/04\/kluska_jan_plakat_a3-768x1086.jpg 768w, http:\/\/parafiazembry.pl\/wp-content\/uploads\/2026\/04\/kluska_jan_plakat_a3-1086x1536.jpg 1086w, http:\/\/parafiazembry.pl\/wp-content\/uploads\/2026\/04\/kluska_jan_plakat_a3-1448x2048.jpg 1448w, http:\/\/parafiazembry.pl\/wp-content\/uploads\/2026\/04\/kluska_jan_plakat_a3.jpg 1754w\" sizes=\"(max-width: 724px) 100vw, 724px\" \/><\/p>\n","protected":false},"excerpt":{"rendered":"<p>W dniach 30 kwietnia \u2013 2 maja odb\u0119d\u0105 si\u0119 Rekolekcje Fatimskie. Nabo\u017ce\u0144stwo czterdziestogodzinne poprowadzi o. Dariusz Galant. B\u0119dzie to szczeg\u00f3lny&hellip;<\/p>\n","protected":false},"author":1,"featured_media":0,"comment_status":"closed","ping_status":"closed","sticky":false,"template":"","format":"standard","meta":[],"categories":[1],"tags":[],"jetpack_featured_media_url":"","_links":{"self":[{"href":"http:\/\/parafiazembry.pl\/index.php\/wp-json\/wp\/v2\/posts\/2132"}],"collection":[{"href":"http:\/\/parafiazembry.pl\/index.php\/wp-json\/wp\/v2\/posts"}],"about":[{"href":"http:\/\/parafiazembry.pl\/index.php\/wp-json\/wp\/v2\/types\/post"}],"author":[{"embeddable":true,"href":"http:\/\/parafiazembry.pl\/index.php\/wp-json\/wp\/v2\/users\/1"}],"replies":[{"embeddable":true,"href":"http:\/\/parafiazembry.pl\/index.php\/wp-json\/wp\/v2\/comments?post=2132"}],"version-history":[{"count":4,"href":"http:\/\/parafiazembry.pl\/index.php\/wp-json\/wp\/v2\/posts\/2132\/revisions"}],"predecessor-version":[{"id":2138,"href":"http:\/\/parafiazembry.pl\/index.php\/wp-json\/wp\/v2\/posts\/2132\/revisions\/2138"}],"wp:attachment":[{"href":"http:\/\/parafiazembry.pl\/index.php\/wp-json\/wp\/v2\/media?parent=2132"}],"wp:term":[{"taxonomy":"category","embeddable":true,"href":"http:\/\/parafiazembry.pl\/index.php\/wp-json\/wp\/v2\/categories?post=2132"},{"taxonomy":"post_tag","embeddable":true,"href":"http:\/\/parafiazembry.pl\/index.php\/wp-json\/wp\/v2\/tags?post=2132"}],"curies":[{"name":"wp","href":"https:\/\/api.w.org\/{rel}","templated":true}]}}